{"id":1562,"date":"2019-11-23T08:47:00","date_gmt":"2019-11-23T08:47:00","guid":{"rendered":"https:\/\/cnuf.mgdigital.pt\/?p=1562"},"modified":"2022-04-11T09:14:43","modified_gmt":"2022-04-11T09:14:43","slug":"funeraire-2019-en","status":"publish","type":"post","link":"https:\/\/cnuf.pt\/en\/2019\/11\/23\/funeraire-2019-en\/","title":{"rendered":"Fun\u00e9raire 2019"},"content":{"rendered":"\n<p><strong>AMMP takes Portugal to FUN\u00c9RAIRE Paris 2019<\/strong><\/p>\n\n\n\n<p>It took place between 20 and 22 November the FUN\u00c9RAIRE 2019, at the Bourget Exhibition Park in Paris, France.<\/p>\n\n\n\n<p>The AIMMP organized its participation with an area of 55m2, occupying the stands B06 and B024, in which 6 Portuguese companies were present in exhibition and in contact with visitors for prospection and closing of deals, in addition to garnering new contacts.<\/p>\n\n\n\n<p>This fair had over 10,000 visitors, 20% of which were international, in a space of 8500m2 of stands.<\/p>\n\n\n\n<p>More than 120 exhibitors were present at the Paris Funeral Fair, where exhibitors showed good examples, in an excellent professional atmosphere, with business and good qualitative and quantitative results.<\/p>\n\n\n\n<p>The opening day participation was particularly strong with 30% more participants than in the 2017 edition.<\/p>\n\n\n\n<p>In this 17th edition, the General Assembly of the European Funeral Services Federation took place, where a conference was held in which Portugal was represented by Dr. Paulo Carreira &#8211; Chairman of the Board of the Portuguese Funeral Sector Association, whose presentation referred to the growing use of Certified Ecological Urns.Also during this fair we had the pleasure of being visited by Dr. Jorge Ruivo of AICEP, Paris delegation.<\/p>\n\n\n\n<iframe loading=\"lazy\" src=\"https:\/\/www.yumpu.com\/fr\/embed\/view\/YRCg1heNBS2M3LlU\" width=\"620px\" height=\"605px\" frameborder=\"0\" allowfullscreen=\"allowfullscreen\"><\/iframe>\n<div style=\"margin: 20px 0;\"><div class=\"qrcswholewtapper\" style=\"text-align:left;\"><div class=\"qrcprowrapper\"  id=\"qrcwraa2leds\"><div class=\"qrc_canvass\" id=\"qrc_cuttenpages_2\" style=\"display:inline-block\" data-text=\"https:\/\/cnuf.pt\/en\/2019\/11\/23\/funeraire-2019-en\/\"><\/div><\/div><\/div><\/div>","protected":false},"excerpt":{"rendered":"<p>AMMP takes Portugal to FUN\u00c9RAIRE Paris 2019 It took place between 20 and 22 November the FUN\u00c9RAIRE 2019, at the Bourget Exhibition Park in Paris, France. The AIMMP organized its participation with an area of 55m2, occupying the stands B06 and B024, in which 6 Portuguese companies were present in exhibition and in contact with [&hellip;]<\/p>\n","protected":false},"author":1,"featured_media":1553,"comment_status":"closed","ping_status":"closed","sticky":false,"template":"","format":"standard","meta":{"_acf_changed":false,"footnotes":""},"categories":[56],"tags":[],"class_list":["post-1562","post","type-post","status-publish","format-standard","has-post-thumbnail","hentry","category-events"],"acf":[],"yoast_head":"<!-- This site is optimized with the Yoast SEO plugin v27.4 - https:\/\/yoast.com\/product\/yoast-seo-wordpress\/ -->\n<title>Fun\u00e9raire 2019 - CNUF - Urna Ecol\u00f3gica Certificada<\/title>\n<meta name=\"robots\" content=\"index, follow, max-snippet:-1, max-image-preview:large, max-video-preview:-1\" \/>\n<link rel=\"canonical\" href=\"https:\/\/cnuf.pt\/en\/2019\/11\/23\/funeraire-2019-en\/\" \/>\n<meta property=\"og:locale\" content=\"en_US\" \/>\n<meta property=\"og:type\" content=\"article\" \/>\n<meta property=\"og:title\" content=\"Fun\u00e9raire 2019 - CNUF - Urna Ecol\u00f3gica Certificada\" \/>\n<meta property=\"og:description\" content=\"AMMP takes Portugal to FUN\u00c9RAIRE Paris 2019 It took place between 20 and 22 November the FUN\u00c9RAIRE 2019, at the Bourget Exhibition Park in Paris, France. The AIMMP organized its participation with an area of 55m2, occupying the stands B06 and B024, in which 6 Portuguese companies were present in exhibition and in contact with [&hellip;]\" \/>\n<meta property=\"og:url\" content=\"https:\/\/cnuf.pt\/en\/2019\/11\/23\/funeraire-2019-en\/\" \/>\n<meta property=\"og:site_name\" content=\"CNUF - Urna Ecol\u00f3gica Certificada\" \/>\n<meta property=\"article:published_time\" content=\"2019-11-23T08:47:00+00:00\" \/>\n<meta property=\"article:modified_time\" content=\"2022-04-11T09:14:43+00:00\" \/>\n<meta property=\"og:image\" content=\"https:\/\/cnuf.pt\/wp-content\/uploads\/2022\/04\/funereire-1.png.webp\" \/>\n\t<meta property=\"og:image:width\" content=\"400\" \/>\n\t<meta property=\"og:image:height\" content=\"380\" \/>\n\t<meta property=\"og:image:type\" content=\"image\/webp\" \/>\n<meta name=\"author\" content=\"cnuf\" \/>\n<meta name=\"twitter:card\" content=\"summary_large_image\" \/>\n<meta name=\"twitter:label1\" content=\"Written by\" \/>\n\t<meta name=\"twitter:data1\" content=\"cnuf\" \/>\n\t<meta name=\"twitter:label2\" content=\"Est. reading time\" \/>\n\t<meta name=\"twitter:data2\" content=\"1 minute\" \/>\n<script type=\"application\/ld+json\" class=\"yoast-schema-graph\">{\"@context\":\"https:\\\/\\\/schema.org\",\"@graph\":[{\"@type\":\"Article\",\"@id\":\"https:\\\/\\\/cnuf.pt\\\/en\\\/2019\\\/11\\\/23\\\/funeraire-2019-en\\\/#article\",\"isPartOf\":{\"@id\":\"https:\\\/\\\/cnuf.pt\\\/en\\\/2019\\\/11\\\/23\\\/funeraire-2019-en\\\/\"},\"author\":{\"name\":\"cnuf\",\"@id\":\"https:\\\/\\\/cnuf.pt\\\/#\\\/schema\\\/person\\\/4bf669b229e1f9a031d42848cd5cda4a\"},\"headline\":\"Fun\u00e9raire 2019\",\"datePublished\":\"2019-11-23T08:47:00+00:00\",\"dateModified\":\"2022-04-11T09:14:43+00:00\",\"mainEntityOfPage\":{\"@id\":\"https:\\\/\\\/cnuf.pt\\\/en\\\/2019\\\/11\\\/23\\\/funeraire-2019-en\\\/\"},\"wordCount\":195,\"publisher\":{\"@id\":\"https:\\\/\\\/cnuf.pt\\\/#organization\"},\"image\":{\"@id\":\"https:\\\/\\\/cnuf.pt\\\/en\\\/2019\\\/11\\\/23\\\/funeraire-2019-en\\\/#primaryimage\"},\"thumbnailUrl\":\"https:\\\/\\\/cnuf.pt\\\/wp-content\\\/uploads\\\/2022\\\/04\\\/funereire-1.png.webp\",\"articleSection\":[\"Events\"],\"inLanguage\":\"en-US\"},{\"@type\":\"WebPage\",\"@id\":\"https:\\\/\\\/cnuf.pt\\\/en\\\/2019\\\/11\\\/23\\\/funeraire-2019-en\\\/\",\"url\":\"https:\\\/\\\/cnuf.pt\\\/en\\\/2019\\\/11\\\/23\\\/funeraire-2019-en\\\/\",\"name\":\"Fun\u00e9raire 2019 - CNUF - Urna Ecol\u00f3gica Certificada\",\"isPartOf\":{\"@id\":\"https:\\\/\\\/cnuf.pt\\\/#website\"},\"primaryImageOfPage\":{\"@id\":\"https:\\\/\\\/cnuf.pt\\\/en\\\/2019\\\/11\\\/23\\\/funeraire-2019-en\\\/#primaryimage\"},\"image\":{\"@id\":\"https:\\\/\\\/cnuf.pt\\\/en\\\/2019\\\/11\\\/23\\\/funeraire-2019-en\\\/#primaryimage\"},\"thumbnailUrl\":\"https:\\\/\\\/cnuf.pt\\\/wp-content\\\/uploads\\\/2022\\\/04\\\/funereire-1.png.webp\",\"datePublished\":\"2019-11-23T08:47:00+00:00\",\"dateModified\":\"2022-04-11T09:14:43+00:00\",\"breadcrumb\":{\"@id\":\"https:\\\/\\\/cnuf.pt\\\/en\\\/2019\\\/11\\\/23\\\/funeraire-2019-en\\\/#breadcrumb\"},\"inLanguage\":\"en-US\",\"potentialAction\":[{\"@type\":\"ReadAction\",\"target\":[\"https:\\\/\\\/cnuf.pt\\\/en\\\/2019\\\/11\\\/23\\\/funeraire-2019-en\\\/\"]}]},{\"@type\":\"ImageObject\",\"inLanguage\":\"en-US\",\"@id\":\"https:\\\/\\\/cnuf.pt\\\/en\\\/2019\\\/11\\\/23\\\/funeraire-2019-en\\\/#primaryimage\",\"url\":\"https:\\\/\\\/cnuf.pt\\\/wp-content\\\/uploads\\\/2022\\\/04\\\/funereire-1.png.webp\",\"contentUrl\":\"https:\\\/\\\/cnuf.pt\\\/wp-content\\\/uploads\\\/2022\\\/04\\\/funereire-1.png.webp\",\"width\":400,\"height\":380},{\"@type\":\"BreadcrumbList\",\"@id\":\"https:\\\/\\\/cnuf.pt\\\/en\\\/2019\\\/11\\\/23\\\/funeraire-2019-en\\\/#breadcrumb\",\"itemListElement\":[{\"@type\":\"ListItem\",\"position\":1,\"name\":\"In\u00edcio\",\"item\":\"https:\\\/\\\/cnuf.pt\\\/en\\\/home\\\/\"},{\"@type\":\"ListItem\",\"position\":2,\"name\":\"Fun\u00e9raire 2019\"}]},{\"@type\":\"WebSite\",\"@id\":\"https:\\\/\\\/cnuf.pt\\\/#website\",\"url\":\"https:\\\/\\\/cnuf.pt\\\/\",\"name\":\"CNUF - Urna Ecol\u00f3gica Certificada\",\"description\":\"\",\"publisher\":{\"@id\":\"https:\\\/\\\/cnuf.pt\\\/#organization\"},\"potentialAction\":[{\"@type\":\"SearchAction\",\"target\":{\"@type\":\"EntryPoint\",\"urlTemplate\":\"https:\\\/\\\/cnuf.pt\\\/?s={search_term_string}\"},\"query-input\":{\"@type\":\"PropertyValueSpecification\",\"valueRequired\":true,\"valueName\":\"search_term_string\"}}],\"inLanguage\":\"en-US\"},{\"@type\":\"Organization\",\"@id\":\"https:\\\/\\\/cnuf.pt\\\/#organization\",\"name\":\"CNUF - Urna Ecol\u00f3gica Certificada\",\"url\":\"https:\\\/\\\/cnuf.pt\\\/\",\"logo\":{\"@type\":\"ImageObject\",\"inLanguage\":\"en-US\",\"@id\":\"https:\\\/\\\/cnuf.pt\\\/#\\\/schema\\\/logo\\\/image\\\/\",\"url\":\"https:\\\/\\\/cnuf.pt\\\/wp-content\\\/uploads\\\/2022\\\/03\\\/cnuf-urna-ecologica-certificada.png\",\"contentUrl\":\"https:\\\/\\\/cnuf.pt\\\/wp-content\\\/uploads\\\/2022\\\/03\\\/cnuf-urna-ecologica-certificada.png\",\"width\":750,\"height\":248,\"caption\":\"CNUF - Urna Ecol\u00f3gica Certificada\"},\"image\":{\"@id\":\"https:\\\/\\\/cnuf.pt\\\/#\\\/schema\\\/logo\\\/image\\\/\"}},{\"@type\":\"Person\",\"@id\":\"https:\\\/\\\/cnuf.pt\\\/#\\\/schema\\\/person\\\/4bf669b229e1f9a031d42848cd5cda4a\",\"name\":\"cnuf\",\"image\":{\"@type\":\"ImageObject\",\"inLanguage\":\"en-US\",\"@id\":\"https:\\\/\\\/secure.gravatar.com\\\/avatar\\\/cf5128d8ede0e05df4e3bd8db6cbb34a4f71834d0a24d793c17b0685400ecad9?s=96&d=mm&r=g\",\"url\":\"https:\\\/\\\/secure.gravatar.com\\\/avatar\\\/cf5128d8ede0e05df4e3bd8db6cbb34a4f71834d0a24d793c17b0685400ecad9?s=96&d=mm&r=g\",\"contentUrl\":\"https:\\\/\\\/secure.gravatar.com\\\/avatar\\\/cf5128d8ede0e05df4e3bd8db6cbb34a4f71834d0a24d793c17b0685400ecad9?s=96&d=mm&r=g\",\"caption\":\"cnuf\"},\"sameAs\":[\"https:\\\/\\\/cnuf.mgdigital.pt\"]}]}<\/script>\n<!-- \/ Yoast SEO plugin. -->","yoast_head_json":{"title":"Fun\u00e9raire 2019 - CNUF - Urna Ecol\u00f3gica Certificada","robots":{"index":"index","follow":"follow","max-snippet":"max-snippet:-1","max-image-preview":"max-image-preview:large","max-video-preview":"max-video-preview:-1"},"canonical":"https:\/\/cnuf.pt\/en\/2019\/11\/23\/funeraire-2019-en\/","og_locale":"en_US","og_type":"article","og_title":"Fun\u00e9raire 2019 - CNUF - Urna Ecol\u00f3gica Certificada","og_description":"AMMP takes Portugal to FUN\u00c9RAIRE Paris 2019 It took place between 20 and 22 November the FUN\u00c9RAIRE 2019, at the Bourget Exhibition Park in Paris, France. The AIMMP organized its participation with an area of 55m2, occupying the stands B06 and B024, in which 6 Portuguese companies were present in exhibition and in contact with [&hellip;]","og_url":"https:\/\/cnuf.pt\/en\/2019\/11\/23\/funeraire-2019-en\/","og_site_name":"CNUF - Urna Ecol\u00f3gica Certificada","article_published_time":"2019-11-23T08:47:00+00:00","article_modified_time":"2022-04-11T09:14:43+00:00","og_image":[{"width":400,"height":380,"url":"https:\/\/cnuf.pt\/wp-content\/uploads\/2022\/04\/funereire-1.png.webp","type":"image\/webp"}],"author":"cnuf","twitter_card":"summary_large_image","twitter_misc":{"Written by":"cnuf","Est. reading time":"1 minute"},"schema":{"@context":"https:\/\/schema.org","@graph":[{"@type":"Article","@id":"https:\/\/cnuf.pt\/en\/2019\/11\/23\/funeraire-2019-en\/#article","isPartOf":{"@id":"https:\/\/cnuf.pt\/en\/2019\/11\/23\/funeraire-2019-en\/"},"author":{"name":"cnuf","@id":"https:\/\/cnuf.pt\/#\/schema\/person\/4bf669b229e1f9a031d42848cd5cda4a"},"headline":"Fun\u00e9raire 2019","datePublished":"2019-11-23T08:47:00+00:00","dateModified":"2022-04-11T09:14:43+00:00","mainEntityOfPage":{"@id":"https:\/\/cnuf.pt\/en\/2019\/11\/23\/funeraire-2019-en\/"},"wordCount":195,"publisher":{"@id":"https:\/\/cnuf.pt\/#organization"},"image":{"@id":"https:\/\/cnuf.pt\/en\/2019\/11\/23\/funeraire-2019-en\/#primaryimage"},"thumbnailUrl":"https:\/\/cnuf.pt\/wp-content\/uploads\/2022\/04\/funereire-1.png.webp","articleSection":["Events"],"inLanguage":"en-US"},{"@type":"WebPage","@id":"https:\/\/cnuf.pt\/en\/2019\/11\/23\/funeraire-2019-en\/","url":"https:\/\/cnuf.pt\/en\/2019\/11\/23\/funeraire-2019-en\/","name":"Fun\u00e9raire 2019 - CNUF - Urna Ecol\u00f3gica Certificada","isPartOf":{"@id":"https:\/\/cnuf.pt\/#website"},"primaryImageOfPage":{"@id":"https:\/\/cnuf.pt\/en\/2019\/11\/23\/funeraire-2019-en\/#primaryimage"},"image":{"@id":"https:\/\/cnuf.pt\/en\/2019\/11\/23\/funeraire-2019-en\/#primaryimage"},"thumbnailUrl":"https:\/\/cnuf.pt\/wp-content\/uploads\/2022\/04\/funereire-1.png.webp","datePublished":"2019-11-23T08:47:00+00:00","dateModified":"2022-04-11T09:14:43+00:00","breadcrumb":{"@id":"https:\/\/cnuf.pt\/en\/2019\/11\/23\/funeraire-2019-en\/#breadcrumb"},"inLanguage":"en-US","potentialAction":[{"@type":"ReadAction","target":["https:\/\/cnuf.pt\/en\/2019\/11\/23\/funeraire-2019-en\/"]}]},{"@type":"ImageObject","inLanguage":"en-US","@id":"https:\/\/cnuf.pt\/en\/2019\/11\/23\/funeraire-2019-en\/#primaryimage","url":"https:\/\/cnuf.pt\/wp-content\/uploads\/2022\/04\/funereire-1.png.webp","contentUrl":"https:\/\/cnuf.pt\/wp-content\/uploads\/2022\/04\/funereire-1.png.webp","width":400,"height":380},{"@type":"BreadcrumbList","@id":"https:\/\/cnuf.pt\/en\/2019\/11\/23\/funeraire-2019-en\/#breadcrumb","itemListElement":[{"@type":"ListItem","position":1,"name":"In\u00edcio","item":"https:\/\/cnuf.pt\/en\/home\/"},{"@type":"ListItem","position":2,"name":"Fun\u00e9raire 2019"}]},{"@type":"WebSite","@id":"https:\/\/cnuf.pt\/#website","url":"https:\/\/cnuf.pt\/","name":"CNUF - Urna Ecol\u00f3gica Certificada","description":"","publisher":{"@id":"https:\/\/cnuf.pt\/#organization"},"potentialAction":[{"@type":"SearchAction","target":{"@type":"EntryPoint","urlTemplate":"https:\/\/cnuf.pt\/?s={search_term_string}"},"query-input":{"@type":"PropertyValueSpecification","valueRequired":true,"valueName":"search_term_string"}}],"inLanguage":"en-US"},{"@type":"Organization","@id":"https:\/\/cnuf.pt\/#organization","name":"CNUF - Urna Ecol\u00f3gica Certificada","url":"https:\/\/cnuf.pt\/","logo":{"@type":"ImageObject","inLanguage":"en-US","@id":"https:\/\/cnuf.pt\/#\/schema\/logo\/image\/","url":"https:\/\/cnuf.pt\/wp-content\/uploads\/2022\/03\/cnuf-urna-ecologica-certificada.png","contentUrl":"https:\/\/cnuf.pt\/wp-content\/uploads\/2022\/03\/cnuf-urna-ecologica-certificada.png","width":750,"height":248,"caption":"CNUF - Urna Ecol\u00f3gica Certificada"},"image":{"@id":"https:\/\/cnuf.pt\/#\/schema\/logo\/image\/"}},{"@type":"Person","@id":"https:\/\/cnuf.pt\/#\/schema\/person\/4bf669b229e1f9a031d42848cd5cda4a","name":"cnuf","image":{"@type":"ImageObject","inLanguage":"en-US","@id":"https:\/\/secure.gravatar.com\/avatar\/cf5128d8ede0e05df4e3bd8db6cbb34a4f71834d0a24d793c17b0685400ecad9?s=96&d=mm&r=g","url":"https:\/\/secure.gravatar.com\/avatar\/cf5128d8ede0e05df4e3bd8db6cbb34a4f71834d0a24d793c17b0685400ecad9?s=96&d=mm&r=g","contentUrl":"https:\/\/secure.gravatar.com\/avatar\/cf5128d8ede0e05df4e3bd8db6cbb34a4f71834d0a24d793c17b0685400ecad9?s=96&d=mm&r=g","caption":"cnuf"},"sameAs":["https:\/\/cnuf.mgdigital.pt"]}]}},"_links":{"self":[{"href":"https:\/\/cnuf.pt\/en\/wp-json\/wp\/v2\/posts\/1562","targetHints":{"allow":["GET"]}}],"collection":[{"href":"https:\/\/cnuf.pt\/en\/wp-json\/wp\/v2\/posts"}],"about":[{"href":"https:\/\/cnuf.pt\/en\/wp-json\/wp\/v2\/types\/post"}],"author":[{"embeddable":true,"href":"https:\/\/cnuf.pt\/en\/wp-json\/wp\/v2\/users\/1"}],"replies":[{"embeddable":true,"href":"https:\/\/cnuf.pt\/en\/wp-json\/wp\/v2\/comments?post=1562"}],"version-history":[{"count":1,"href":"https:\/\/cnuf.pt\/en\/wp-json\/wp\/v2\/posts\/1562\/revisions"}],"predecessor-version":[{"id":1563,"href":"https:\/\/cnuf.pt\/en\/wp-json\/wp\/v2\/posts\/1562\/revisions\/1563"}],"wp:featuredmedia":[{"embeddable":true,"href":"https:\/\/cnuf.pt\/en\/wp-json\/wp\/v2\/media\/1553"}],"wp:attachment":[{"href":"https:\/\/cnuf.pt\/en\/wp-json\/wp\/v2\/media?parent=1562"}],"wp:term":[{"taxonomy":"category","embeddable":true,"href":"https:\/\/cnuf.pt\/en\/wp-json\/wp\/v2\/categories?post=1562"},{"taxonomy":"post_tag","embeddable":true,"href":"https:\/\/cnuf.pt\/en\/wp-json\/wp\/v2\/tags?post=1562"}],"curies":[{"name":"wp","href":"https:\/\/api.w.org\/{rel}","templated":true}]}}